[{"@context":"https:\/\/schema.org\/","@type":"Article","@id":"https:\/\/www.kamko.sk\/adolf-hitler-mein-kampf\/#Article","mainEntityOfPage":"https:\/\/www.kamko.sk\/adolf-hitler-mein-kampf\/","headline":"Adolf Hitler- Mein Kampf","name":"Adolf Hitler- Mein Kampf","description":"O tejto knihe sme po\u010duli predov\u0161etk\u00fdm v s\u00favislosti s jej dlhoro\u010dnou cenz\u00farou a z\u00e1kazom predaja vyvolanej faktom, \u017ee jej autorom nie je nik in\u00fd, ako samotn\u00fd b\u00fdval\u00fd vodca nacistickej strany Nemecka, Adolf Hitler. V dne\u0161nom storo\u010d\u00ed sa s menom Adolf Hitler sp\u00e1jaj\u00fa sam\u00e9 negat\u00edvne pr\u00edvlastky a z doby, kedy bola nacistick\u00e1 strana pri moci, sa...","datePublished":"2018-06-25","dateModified":"2023-04-28","author":{"@type":"Person","@id":"https:\/\/www.kamko.sk\/author\/#Person","name":"","url":"https:\/\/www.kamko.sk\/author\/","identifier":1,"image":{"@type":"ImageObject","@id":"https:\/\/secure.gravatar.com\/avatar\/13dbcc20b7c05fcb5c4a6b0bee5a7107a0aae9238a83a4088a42d170780b2eca?s=96&d=mm&r=g","url":"https:\/\/secure.gravatar.com\/avatar\/13dbcc20b7c05fcb5c4a6b0bee5a7107a0aae9238a83a4088a42d170780b2eca?s=96&d=mm&r=g","height":96,"width":96}},"publisher":{"@type":"Organization","name":"kamko.sk","logo":{"@type":"ImageObject","@id":"\/logo.png","url":"\/logo.png","width":600,"height":60}},"image":{"@type":"ImageObject","@id":"https:\/\/www.kamko.sk\/wp-content\/uploads\/img_a289807_w16530_t1532355482.jpg","url":"https:\/\/www.kamko.sk\/wp-content\/uploads\/img_a289807_w16530_t1532355482.jpg","height":0,"width":0},"url":"https:\/\/www.kamko.sk\/adolf-hitler-mein-kampf\/","wordCount":447,"articleBody":"O tejto knihe sme po\u010duli predov\u0161etk\u00fdm v s\u00favislosti s jej dlhoro\u010dnou cenz\u00farou a z\u00e1kazom predaja vyvolanej faktom, \u017ee jej autorom nie je nik in\u00fd, ako samotn\u00fd b\u00fdval\u00fd vodca nacistickej strany Nemecka, Adolf Hitler. V dne\u0161nom storo\u010d\u00ed sa s menom Adolf Hitler sp\u00e1jaj\u00fa sam\u00e9 negat\u00edvne pr\u00edvlastky a z doby, kedy bola nacistick\u00e1 strana pri moci, sa zasa spom\u00edna ve\u013ea sp\u00e1chan\u00fdch zverstiev. S t\u00fdmito inform\u00e1ciami sa stretn\u00fa u\u017e deti na z\u00e1kladnej \u0161kole. &#8222;Vodca&#8220; nebol \u017eiaden spisovate\u013e, toto je jedin\u00e1 pam\u00e4tn\u00e1 kniha, ktor\u00fa nap\u00edsal po\u010das svojej v\u00e4zby, v akej sa ocitol po nevydarenom pu\u010di, \u010di\u017ee po nevydarenej revol\u00facii, ktorej bol vodcom. Bolo to e\u0161te predt\u00fdm, ne\u017e sa chytil moci. Mein Kampf nie je rom\u00e1nom, detekt\u00edvkou, rozpr\u00e1vkou,&#8230; ale prv\u00e1 polovica textu je akousi biografiou, \u017eivotopisom, spomienkami na detstvo, dospievanie a svoj \u017eivot mlad\u00e9ho mu\u017ea, rozpr\u00e1van\u00fd a opisovan\u00fd samotn\u00fdm Adolfom Hitlerom, no stretneme sa tu aj s ob\u010dasn\u00fdm filozofovan\u00edm. Pr\u00e1ve t\u00e1to prv\u00e1 \u010das\u0165 knihy je kritikmi, ale aj be\u017en\u00fdmi \u010ditate\u013emi pova\u017eovan\u00e1 za ve\u013emi zd\u013ahav\u00fa, nudn\u00fa, nez\u00e1\u017eivn\u00fa, z akej boli sklaman\u00ed mo\u017eno aj jeho dne\u0161n\u00ed pr\u00edvr\u017eenci. V tejto \u010dasti sa napr\u00edklad \u010dasto opakuje opis dilemy, ako chcel by\u0165 mlad\u00fd Hitler maliarom a umelcom, no jeho otec pre tieto z\u00e1\u013euby nemal pochopenie, chcel z neho \u00faradn\u00edka, \u010di\u017ee boli to dva protichodn\u00e9 n\u00e1zory a postoje k \u017eivotu. V druhej polovici knihy u\u017e m\u00e1me takmer jasne stanoven\u00e9 predstavy, politick\u00e9 postoje a n\u00e1zory, ako aj podrobnej\u0161ie rozp\u00edsan\u00fd pl\u00e1n strany, akej bol vodcom, \u010di\u017ee politick\u00fd program strany NSDAP, Nemeckej n\u00e1rodno-socialistickej strany pr\u00e1ce, respekt\u00edve nacistickej. D\u00e1 sa poveda\u0165, \u017ee po\u010das svojej moci strana tento program poctivo nasledovala. T\u00e1to druh\u00e1 \u010das\u0165 knihy sa tak podstatne l\u00ed\u0161i, kone\u010dne ide priamo k podstate a odborn\u00edci tvrdia, \u017ee pr\u00e1ve tento text bol ak\u00fdmsi pred\u010dasn\u00fdm varovan\u00edm, ktor\u00e9mu sa e\u0161te dalo zabr\u00e1ni\u0165. Jasne sa v nej spom\u00edna nastavenie trestu smrti za &#8222;kr\u00e1de\u017e&#8220;, ako aj pocity krivdy vo\u010di \u017eidovskej popul\u00e1cii. \u2022 Z\u00e1ver Prv\u00fd zv\u00e4zok, ako som u\u017e spomenul, je sk\u00f4r tak\u00e9 nez\u00e1\u017eivn\u00e9 \u010d\u00edtanie, vidie\u0165, \u017ee bolo nap\u00edsan\u00e9, respekt\u00edve \u017ee text bol diktovan\u00fd liter\u00e1rnym laikom. Druh\u00e1 \u010das\u0165 je relat\u00edvne zauj\u00edmav\u00e1 a podrobnej\u0161ie sa v nej dozviete podstatu smeru nacistickej strany. Zauj\u00edmav\u00fdm je aj fakt, \u017ee t\u00e1to kniha je op\u00e4\u0165 na pultoch .                                                                                                                                                                                                                                                                                                                                                                                        4.3\/5 - (7 votes)        "},{"@context":"https:\/\/schema.org\/","@type":"BreadcrumbList","itemListElement":[{"@type":"ListItem","position":1,"name":"Adolf Hitler- Mein Kampf","item":"https:\/\/www.kamko.sk\/adolf-hitler-mein-kampf\/#breadcrumbitem"}]}]