[{"@context":"https:\/\/schema.org\/","@type":"Article","@id":"https:\/\/www.kamko.sk\/dajme-zelenu-maske-s-vanilkovym-extraktom\/#Article","mainEntityOfPage":"https:\/\/www.kamko.sk\/dajme-zelenu-maske-s-vanilkovym-extraktom\/","headline":"Dajme zelen\u00fa maske s vanilkov\u00fdm extraktom!","name":"Dajme zelen\u00fa maske s vanilkov\u00fdm extraktom!","description":"T\u00e1to maska obsahuje mno\u017estvo \u017eiv\u00edn a\u00a0blahod\u00e1rne tak p\u00f4sob\u00ed na v\u0161etky typy vlasov. Najviac ju v\u0161ak ocenia \u017eeny so such\u00fdmi a\u00a0po\u0161koden\u00fdmi vlasmi. T\u00e1to maska na nich toti\u017e p\u00f4sob\u00ed upokojuj\u00faco, hydratuje vlasov\u00e9 korienky a\u00a0bojuje proti roz\u0161tiepen\u00fdm kon\u010dekom. Navy\u0161e po sebe nech\u00e1va n\u00e1dhern\u00fa vanilkov\u00fa v\u00f4\u0148u, ktor\u00fa si ur\u010dite zamilujete u\u017e po prvom pou\u017eit\u00ed! Nie je toti\u017e pr\u00edli\u0161 v\u00fdrazn\u00e1...","datePublished":"2019-09-23","dateModified":"2019-09-23","author":{"@type":"Person","@id":"https:\/\/www.kamko.sk\/author\/#Person","name":"","url":"https:\/\/www.kamko.sk\/author\/","identifier":1,"image":{"@type":"ImageObject","@id":"https:\/\/secure.gravatar.com\/avatar\/13dbcc20b7c05fcb5c4a6b0bee5a7107a0aae9238a83a4088a42d170780b2eca?s=96&d=mm&r=g","url":"https:\/\/secure.gravatar.com\/avatar\/13dbcc20b7c05fcb5c4a6b0bee5a7107a0aae9238a83a4088a42d170780b2eca?s=96&d=mm&r=g","height":96,"width":96}},"publisher":{"@type":"Organization","name":"kamko.sk","logo":{"@type":"ImageObject","@id":"\/logo.png","url":"\/logo.png","width":600,"height":60}},"image":{"@type":"ImageObject","@id":"https:\/\/www.kamko.sk\/wp-content\/uploads\/img_a306390_w16632_t1568899873.jpg","url":"https:\/\/www.kamko.sk\/wp-content\/uploads\/img_a306390_w16632_t1568899873.jpg","height":0,"width":0},"url":"https:\/\/www.kamko.sk\/dajme-zelenu-maske-s-vanilkovym-extraktom\/","about":["V\u00fdrobky"],"wordCount":408,"articleBody":"T\u00e1to maska obsahuje mno\u017estvo \u017eiv\u00edn a\u00a0blahod\u00e1rne tak p\u00f4sob\u00ed na v\u0161etky typy vlasov. Najviac ju v\u0161ak ocenia \u017eeny so such\u00fdmi a\u00a0po\u0161koden\u00fdmi vlasmi. T\u00e1to maska na nich toti\u017e p\u00f4sob\u00ed upokojuj\u00faco, hydratuje vlasov\u00e9 korienky a\u00a0bojuje proti roz\u0161tiepen\u00fdm kon\u010dekom. Navy\u0161e po sebe nech\u00e1va n\u00e1dhern\u00fa vanilkov\u00fa v\u00f4\u0148u, ktor\u00fa si ur\u010dite zamilujete u\u017e po prvom pou\u017eit\u00ed! Nie je toti\u017e pr\u00edli\u0161 v\u00fdrazn\u00e1 ani pr\u00edli\u0161 sladk\u00e1, ako by sa mohlo zda\u0165.Okrem toho je najide\u00e1lnej\u0161ia pre nam\u00e1hav\u00e9 a\u00a0po\u0161koden\u00e9 vlasy. Dotvor\u00ed im ch\u00fdbaj\u00faci lesk a\u00a0navr\u00e1ti vlasom pru\u017enos\u0165. M\u00f4\u017eu si ju zak\u00fapi\u0165 i\u00a0\u017eeny a\u00a0diev\u010dat\u00e1 s\u00a0ku\u010derav\u00fdmi vlasmi. Ja osobne som si t\u00fato masku zak\u00fapila u\u017e d\u00e1vnej\u0161ie a\u00a0nielen \u017ee vydr\u017e\u00ed dlho, je dokonca tak skvel\u00e1, \u017ee moje vlasy s\u00fa po jej \u010dastom pou\u017e\u00edvan\u00ed op\u00e4\u0165 pln\u00e9 sily a\u00a0energie!Pom\u00e1ha aj pri roz\u010des\u00e1van\u00ed vlasov. Obsahuje vitam\u00edny B3 a\u00a0B5 a\u00a0je skvel\u00e1 t\u00fdm, \u017ee m\u00e1 jemn\u00e9 zlo\u017eenie, tak\u017ee vlasy \u010falej neni\u010d\u00ed. Neobsahuje \u017eiadne silik\u00f3ny ani parab\u00e9ny.Ak uva\u017eujete, \u010di si ju zak\u00fapi\u0165, aj ke\u010f m\u00e1te farben\u00e9 vlasy, rozhodne v\u00e1m to odpor\u00fa\u010dame. Mand\u013eov\u00fd olej toti\u017e va\u0161e vlasy zocel\u00ed a\u00a0dokonca aj v\u00a0lete nebudete trpie\u0165 such\u00fdmi kon\u010dekmi. Ako \u010dasto t\u00fato masku pou\u017e\u00edva\u0165? Je to na v\u00e1s, rozhodne ju v\u0161ak aplikujte na kon\u010deky vlasov (vyh\u00fdbajte sa korienkom) a\u00a0nechajte p\u00f4sobi\u0165 2-3 min\u00faty. N\u00e1sledne d\u00f4kladne opl\u00e1chnite! My v\u00e1m odpor\u00fa\u010dame masku pou\u017e\u00edva\u0165 1 a\u017e 2kr\u00e1t do t\u00fd\u017ed\u0148a, aby ste dosiahli \u017eiaduce \u00fa\u010dinky.N\u00e1\u0161 tip: Aplikujte do vlhk\u00fdch vlasov sprej na vlasy, ktor\u00fd v\u00e1m pom\u00f4\u017ee s\u00a0roz\u010des\u00e1van\u00edm vlasov. Vlasy nielen \u017ee bud\u00fa n\u00e1dhern\u00e9 vo\u0148a\u0165, v\u00a0spojen\u00ed s\u00a0hydrata\u010dnou maskou to bude hotov\u00e1 o\u00e1za pre va\u0161u kr\u00e1snu hrivu! Vlasy len jemne stla\u010dte uter\u00e1kov, ne\u0161\u00fachajte a\u00a0sna\u017ete sa vyh\u00fdba\u0165 f\u00e9nu. Za odmenu v\u00e1m bud\u00fa n\u00e1dhern\u00e9, \u017eiariv\u00e9 a\u00a0leskl\u00e9 vlasy! Aby ste dosiahli n\u00e1dhern\u00fd objem, sk\u00faste vlasy ponatriasa\u0165 a\u00a0poriadne ich roz\u010desa\u0165 e\u0161te k\u00fdm s\u00fa vlhk\u00e9.Ver\u00edme, \u017ee n\u00e1\u0161 tip v\u00e1m pom\u00f4\u017ee. J                                                                                                                                                                                                                                                                                                                                                                                        4.4\/5 - (8 votes)        "},{"@context":"https:\/\/schema.org\/","@type":"BreadcrumbList","itemListElement":[{"@type":"ListItem","position":1,"name":"Dajme zelen\u00fa maske s vanilkov\u00fdm extraktom!","item":"https:\/\/www.kamko.sk\/dajme-zelenu-maske-s-vanilkovym-extraktom\/#breadcrumbitem"}]}]