[{"@context":"https:\/\/schema.org\/","@type":"Article","@id":"https:\/\/www.kamko.sk\/preco-sa-uz-nepouzivaju-tlacidlove-telefony\/#Article","mainEntityOfPage":"https:\/\/www.kamko.sk\/preco-sa-uz-nepouzivaju-tlacidlove-telefony\/","headline":"Pre\u010do sa u\u017e nepou\u017e\u00edvaj\u00fa tla\u010didlov\u00e9 telef\u00f3ny?","name":"Pre\u010do sa u\u017e nepou\u017e\u00edvaj\u00fa tla\u010didlov\u00e9 telef\u00f3ny?","description":"Kedy vlastne vymizli tie tla\u010didlov\u00e9 telef\u00f3ny, na ktor\u00e9 sme u\u017e pomaly aj zabudli? S\u00fa u\u017e naozaj len sladkou minulos\u0165ou alebo sa k\u00a0nim e\u0161te niekedy vr\u00e1time? Nie je to \u0161koda, \u017ee sme ich \u00faplne vyradili z\u00a0pou\u017e\u00edvania? Mali aj nejak\u00e9 svoje v\u00fdhody alebo to bola iba otrava \u0165uka\u0165 do toho? A\u00a0\u010do ten mal\u00fd displej? Vyhovoval v\u00e1m? Nad...","datePublished":"2019-07-08","dateModified":"2023-04-28","author":{"@type":"Person","@id":"https:\/\/www.kamko.sk\/author\/#Person","name":"","url":"https:\/\/www.kamko.sk\/author\/","identifier":1,"image":{"@type":"ImageObject","@id":"https:\/\/secure.gravatar.com\/avatar\/13dbcc20b7c05fcb5c4a6b0bee5a7107a0aae9238a83a4088a42d170780b2eca?s=96&d=mm&r=g","url":"https:\/\/secure.gravatar.com\/avatar\/13dbcc20b7c05fcb5c4a6b0bee5a7107a0aae9238a83a4088a42d170780b2eca?s=96&d=mm&r=g","height":96,"width":96}},"publisher":{"@type":"Organization","name":"kamko.sk","logo":{"@type":"ImageObject","@id":"\/logo.png","url":"\/logo.png","width":600,"height":60}},"image":{"@type":"ImageObject","@id":"https:\/\/www.kamko.sk\/wp-content\/uploads\/img_a303676_w16598_t1564222400.jpg","url":"https:\/\/www.kamko.sk\/wp-content\/uploads\/img_a303676_w16598_t1564222400.jpg","height":0,"width":0},"url":"https:\/\/www.kamko.sk\/preco-sa-uz-nepouzivaju-tlacidlove-telefony\/","wordCount":407,"articleBody":"Kedy vlastne vymizli tie tla\u010didlov\u00e9 telef\u00f3ny, na ktor\u00e9 sme u\u017e pomaly aj zabudli? S\u00fa u\u017e naozaj len sladkou minulos\u0165ou alebo sa k\u00a0nim e\u0161te niekedy vr\u00e1time? Nie je to \u0161koda, \u017ee sme ich \u00faplne vyradili z\u00a0pou\u017e\u00edvania? Mali aj nejak\u00e9 svoje v\u00fdhody alebo to bola iba otrava \u0165uka\u0165 do toho? A\u00a0\u010do ten mal\u00fd displej? Vyhovoval v\u00e1m?Nad tak\u00fdmito ot\u00e1zkami sa \u010dlovek nezam\u00fd\u0161\u013ea ka\u017ed\u00fd de\u0148. S\u00fa to ot\u00e1zky, ktor\u00e9 si nezodpoved\u00e1me, ale m\u00f4\u017eeme nad nimi rozm\u00fd\u0161\u013ea\u0165, ke\u010f sa budeme chcie\u0165 odreagova\u0165 od vonkaj\u0161ieho hektick\u00e9ho \u017eivota, ktor\u00fd dnes prevl\u00e1da sn\u00e1\u010f na celom svete. V\u0161etci sa kamsi pon\u00e1h\u013eaj\u00fa, nest\u00edhaj\u00fa a\u00a0v\u0161etko be\u017e\u00ed neskuto\u010dne r\u00fdchlo. \u017diaden k\u013eud, pokoj nem\u00e1 v\u00a0tejto kon\u0161tel\u00e1cii miesto. Je to tak, bohu\u017eia\u013e.V\u00fdvoj elektroniky, po\u010d\u00edta\u010dov, tabletov a\u00a0mobilov postupuje neskuto\u010dne r\u00fdchlo. \u010clovek sa ani nesta\u010d\u00ed \u010dudova\u0165 a\u00a0u\u017e s\u00fa na svete nov\u00e9 druhy, tak\u00e9 o\u00a0ak\u00fdch by n\u00e1m minul\u00e9 gener\u00e1cie ani nechceli uveri\u0165, \u017ee to v\u00f4bec existuje. U\u017e len to, \u017ee dr\u017e\u00edme telef\u00f3n v\u00a0ruke a\u00a0m\u00f4\u017eeme s\u00a0n\u00edm telefonova\u0165 kdeko\u013evek chceme a\u00a0kedyko\u013evek je priam z\u00e1zrak, ktor\u00fd sa ned\u00e1 porovna\u0165 s\u00a0t\u00fdm, \u017ee vo\u013eakedy bola doma iba pevn\u00e1 linka a\u00a0aj t\u00fa nemal ka\u017ed\u00fd a\u00a0chodilo sa vol\u00e1va\u0165 susedom alebo z\u00a0telef\u00f3nnej b\u00fadky.Tla\u010didlov\u00e9 telef\u00f3ny s\u00fa u\u017e tie\u017e minulos\u0165ou, na ktor\u00fa sa pomaly, ale isto \u00faspe\u0161ne zab\u00fada. Je to toti\u017e tak, \u017ee ke\u010f nie\u010do vymizne z\u00a0na\u0161ich o\u010d\u00ed, tak sa to strat\u00ed pomaly aj z\u00a0na\u0161ej pam\u00e4te. Dne\u0161n\u00ed d\u00f4chodcovia e\u0161te m\u00e1vaj\u00fa telef\u00f3ny, ktor\u00e9 maj\u00fa tla\u010didl\u00e1, ale gener\u00e1cia po nich u\u017e pravdepodobne tak\u00e9 telef\u00f3ny ma\u0165 nebude, preto\u017ee s\u00fa u\u017e zdatnej\u0161\u00ed v\u00a0pou\u017e\u00edvanie elektronick\u00fdch pr\u00edstrojov, po\u010d\u00edta\u010dov a\u00a0podobn\u00fdch z\u00e1le\u017eitost\u00ed. Je to neskuto\u010dn\u00e9, ale \u010das ide r\u00fdchlo a\u00a0my sa naozaj m\u00f4\u017eeme rozl\u00fa\u010di\u0165 s\u00a0pou\u017e\u00edvan\u00edm tla\u010didiel na mobiloch. Tla\u010didl\u00e1 tam s\u00edce m\u00e1me, ale s\u00fa len dve \u2013 tri a\u00a0ostatn\u00e9 veci riadime dotykom prsta. Doba ide dopredu, tak zam\u00e1vajme na rozl\u00fa\u010dku tla\u010didlov\u00fdm telef\u00f3nom a\u00a0hor sa vyu\u017e\u00edva\u0165 \u010do najnov\u0161ie technol\u00f3gie.                                                                                                                                                                                                                                                                                                                                                                                        3.7\/5 - (14 votes)        "},{"@context":"https:\/\/schema.org\/","@type":"BreadcrumbList","itemListElement":[{"@type":"ListItem","position":1,"name":"Pre\u010do sa u\u017e nepou\u017e\u00edvaj\u00fa tla\u010didlov\u00e9 telef\u00f3ny?","item":"https:\/\/www.kamko.sk\/preco-sa-uz-nepouzivaju-tlacidlove-telefony\/#breadcrumbitem"}]}]